{"id":856,"date":"2020-05-19T14:47:18","date_gmt":"2020-05-19T12:47:18","guid":{"rendered":"http:\/\/stopmines81.org\/?p=856"},"modified":"2020-05-26T18:30:21","modified_gmt":"2020-05-26T16:30:21","slug":"attention-projet-minier-restons-vigilants","status":"publish","type":"post","link":"https:\/\/stopmines81.org\/index.php\/2020\/05\/19\/attention-projet-minier-restons-vigilants\/","title":{"rendered":"\u00ab\u00a0Attention projet minier, restons vigilants\u00a0\u00bb\u00a0!"},"content":{"rendered":"\n<p>Il y a un an, depuis la Bretagne, nous parvenait cette triste missive&#8230; Ignorants, mais arm\u00e9s d\u2019une grande volont\u00e9, nous avons parcouru des montagnes de documents et des tonnes de pages Internet \u00e0 la recherche de toutes sortes d\u2019informations&#8230; Les r\u00e9percussions de ce type de projet ne devant plus avoir aucun secret pour nous.<br>C\u2019est tr\u00e8s vite que nous avons compris que notre territoire devrait avoir aujourd\u2019hui, une histoire diff\u00e9rente, si le permis octroy\u00e9 par l\u2019Etat en 1988, l&rsquo;avait conduit \u00e0 la mise en exploitation de cette mine.<\/p>\n\n\n\n<p class=\"has-text-color has-background has-text-align-center has-medium-font-size has-very-light-gray-color has-vivid-red-background-color\"><strong>Voici le genre de Une, <\/strong><br><strong>que nous aurions pu lire dans nos journaux&#8230;<\/strong><\/p>\n\n\n\n<p><strong>Les anciens mineurs de Castelnau de Brassac victimes de l\u2019amiante veulent un proc\u00e8s&nbsp;!<\/strong>(Imagin\u00e9es \u00e0 partir des unes suivantes&nbsp;: <a href=\"https:\/\/www.francebleu.fr\/infos\/faits-divers-justice\/anciens-mineurs-malades-de-l-amiante-les-victimes-veulent-un-proces-1562688239\" target=\"_blank\" rel=\"noreferrer noopener\"><u>Moselle<\/u><\/a>, <a href=\"https:\/\/www.lamontagne.fr\/saint-eloy-les-mines-63700\/actualites\/dans-les-combrailles-puy-de-dome-le-combat-des-victimes-de-lamiante_13590853\/\" target=\"_blank\" rel=\"noreferrer noopener\"><u>Puy-de-D\u00f4me<\/u><\/a>, <a href=\"https:\/\/www.lavoixdunord.fr\/143106\/article\/2017-04-04\/un-mineur-de-fond-reconnu-victime-de-l-amiante-pour-la-premiere-fois\" target=\"_blank\" rel=\"noreferrer noopener\"><u>Nord-Pas-de-Calais<\/u><\/a>, <a href=\"https:\/\/www.ladepeche.fr\/article\/2016\/01\/15\/2256346-reouverture-mine-tungstene-est-certain-amiante-salau.html\" target=\"_blank\" rel=\"noreferrer noopener\"><u>Ari\u00e8ge<\/u><\/a>&#8230;)<br><strong>Suite aux fortes pluies, les habitants de la vall\u00e9e de l\u2019Agout s\u2019alarment de la pollution de leur sol&nbsp;! <\/strong>(Imagin\u00e9es \u00e0 partir des gros titres suivants&nbsp;: <a href=\"https:\/\/www.la-croix.com\/Sciences-et-ethique\/Sciences-et-ethique\/A-Saint-Felix-Pallieres-mine-nen-finit-pas-polluer-2019-01-08-1200993852\" target=\"_blank\" rel=\"noreferrer noopener\"><u>Saint-Felix-de-Palli\u00e8res<\/u><\/a>, <a href=\"https:\/\/www.ladepeche.fr\/article\/2018\/12\/05\/2919355-exclusif-aude-analyses-confirment-grave-pollution-arsenic-apres-inondations.html\" target=\"_blank\" rel=\"noreferrer noopener\"><u>Vall\u00e9e de l\u2019Orbiel<\/u><\/a>, <a href=\"https:\/\/www.ladepeche.fr\/article\/2005\/11\/15\/152250-noailhac-81-arsenic-dans-un-ruisseau-toujours-la-vigilance.html\" target=\"_blank\" rel=\"noreferrer noopener\"><u>Noailhac<\/u><\/a>&#8230;)<\/p>\n\n\n\n<p class=\"has-text-color has-background has-text-align-center has-medium-font-size has-very-light-gray-color has-vivid-red-background-color\"><strong>Pure fiction chez nous, <\/strong><br><strong>mais bien triste v\u00e9rit\u00e9 ailleurs<\/strong><\/p>\n\n\n\n<p style=\"font-size:17px\" class=\"has-text-color has-text-align-left has-very-dark-gray-color\"><strong>Plusieurs chiffres extraits de<a rel=\"noreferrer noopener\" href=\"http:\/\/stopmines81.org\/wp-content\/uploads\/2020\/05\/1986_Note_impact_dossier_Elf_Aquitaine_concession_Cadoul.pdf\" target=\"_blank\"> la notice d&rsquo;impact de l&rsquo;\u00e9poque<\/a>, nous laissent penser que ces faits imaginaires auraient bien pu faire partie de notre r\u00e9alit\u00e9&#8230;<\/strong><\/p>\n\n\n\n<p>100&nbsp;000&nbsp;m<sup>3<\/sup> de r\u00e9sidus miniers stock\u00e9s \u00e0 250&nbsp;m du hameau de Fumade&#8230;<br>150&nbsp;kg d\u2019explosifs utilis\u00e9s chaque jour&#8230;<br>100&nbsp;m\u00b3\/heure d\u2019eau \u00e0 traiter&#8230;<\/p>\n\n\n\n<p class=\"has-text-color has-background has-text-align-center has-medium-font-size has-very-light-gray-color has-vivid-red-background-color\"><strong>Pas de chantiers dans nos paysages, mais juste des monts enchant\u00e9s, o\u00f9 il fait bon vivre&#8230;<\/strong><\/p>\n\n\n\n<p>C\u2019est en po\u00e9sie que nous souhaitons le clamer haut et fort, \u00e7a aurait pu \u00eatre au ch\u00e2teau de Lacaze le 16 mai 2020, jour de la remise des prix du <a rel=\"noreferrer noopener\" href=\"http:\/\/www.hautesterresdoc.fr\/userfiles\/files\/CONCOURS%20%202020%20(1).pdf\" target=\"_blank\"><u>concours de po\u00e9sie<\/u><\/a> organis\u00e9 entre autres par le PETR des <a rel=\"noreferrer noopener\" href=\"https:\/\/www.facebook.com\/permalink.php?story_fbid=3856696224404155&amp;id=1004320729641733\" target=\"_blank\">Hautes Terres d\u2019Oc<\/a>. Nous ne doutions pas de la pr\u00e9sence de <em>certains<\/em> \u00e9lus, naviguant plus ou moins \u00e0 vue, dans les hautes sph\u00e8res d\u2019Oc, des \u00e9lus venus encourager voire applaudir la culture et le patrimoine local, dont ils croient le tout bien \u00e9videmment compatible avec une mine, synonyme \u00e0 leurs yeux de d\u00e9veloppement \u00e9conomique, un d\u00e9veloppement \u00e9conomique quel qu\u2019il soit qui serait n\u00e9cessaire \u00e0 la survie de nos Hautes Terres d\u2019Oc. Une ironie, un brin perverse\u00a0! Mais h\u00e9las, le coronavirus en a voulu autrement, et c\u2019est sur les ondes de <a rel=\"noreferrer noopener\" href=\"https:\/\/radiolacaune.fr\/2020\/05\/16\/laureats-du-concours-poesie-slam-meme-pas-peur\/?fbclid=IwAR3_cdosCUeNAxtXaoharkTxmIBjj2GAYd1xPZgBoKG1ESTW_ooZnNLaLJo\" target=\"_blank\">Radio Lacaune<\/a> que Stop Mines 81 a appris sa deuxi\u00e8me place dans la cat\u00e9gorie \u00ab\u00a0participation collective\u00a0: Le monde min\u00e9ral, la pierre dans tous ses \u00e9tats&#8230;\u00a0\u00bb. En attendant de pouvoir lire notre po\u00e9sie sur le recueil qui sera \u00e9dit\u00e9 par les organisateurs, nous vous invitons \u00e0 d\u00e9couvrir le texte que nous avons pr\u00e9sent\u00e9 :<\/p>\n\n\n\n<figure class=\"wp-block-image size-large\"><img loading=\"lazy\" width=\"589\" height=\"593\" src=\"http:\/\/stopmines81.org\/wp-content\/uploads\/2020\/05\/poe.png\" alt=\"\" class=\"wp-image-857\" srcset=\"https:\/\/stopmines81.org\/wp-content\/uploads\/2020\/05\/poe.png 589w, https:\/\/stopmines81.org\/wp-content\/uploads\/2020\/05\/poe-298x300.png 298w, https:\/\/stopmines81.org\/wp-content\/uploads\/2020\/05\/poe-150x150.png 150w\" sizes=\"(max-width: 589px) 100vw, 589px\" \/><\/figure>\n\n\n\n<p style=\"font-size:24px\" class=\"has-text-color has-background has-text-align-center has-very-light-gray-color has-vivid-red-background-color\"><strong>Stop Mines 81, un collectif bigarr\u00e9, attach\u00e9 \u00e0 nos terres et \u00e0 nos Pierres d\u2019Occitanie&nbsp;!<\/strong><\/p>\n","protected":false},"excerpt":{"rendered":"<p>Il y a un an, depuis la Bretagne, nous parvenait cette triste missive&#8230; Ignorants, mais arm\u00e9s d\u2019une grande volont\u00e9, nous avons parcouru des montagnes de documents et des tonnes de pages Internet \u00e0 la recherche de toutes sortes d\u2019informations&#8230; Les r\u00e9percussions de ce type de projet ne devant plus avoir aucun secret pour nous.C\u2019est tr\u00e8s [&hellip;]<\/p>\n","protected":false},"author":3,"featured_media":0,"comment_status":"closed","ping_status":"open","sticky":false,"template":"","format":"standard","meta":[],"categories":[1],"tags":[],"_links":{"self":[{"href":"https:\/\/stopmines81.org\/index.php\/wp-json\/wp\/v2\/posts\/856"}],"collection":[{"href":"https:\/\/stopmines81.org\/index.php\/wp-json\/wp\/v2\/posts"}],"about":[{"href":"https:\/\/stopmines81.org\/index.php\/wp-json\/wp\/v2\/types\/post"}],"author":[{"embeddable":true,"href":"https:\/\/stopmines81.org\/index.php\/wp-json\/wp\/v2\/users\/3"}],"replies":[{"embeddable":true,"href":"https:\/\/stopmines81.org\/index.php\/wp-json\/wp\/v2\/comments?post=856"}],"version-history":[{"count":15,"href":"https:\/\/stopmines81.org\/index.php\/wp-json\/wp\/v2\/posts\/856\/revisions"}],"predecessor-version":[{"id":888,"href":"https:\/\/stopmines81.org\/index.php\/wp-json\/wp\/v2\/posts\/856\/revisions\/888"}],"wp:attachment":[{"href":"https:\/\/stopmines81.org\/index.php\/wp-json\/wp\/v2\/media?parent=856"}],"wp:term":[{"taxonomy":"category","embeddable":true,"href":"https:\/\/stopmines81.org\/index.php\/wp-json\/wp\/v2\/categories?post=856"},{"taxonomy":"post_tag","embeddable":true,"href":"https:\/\/stopmines81.org\/index.php\/wp-json\/wp\/v2\/tags?post=856"}],"curies":[{"name":"wp","href":"https:\/\/api.w.org\/{rel}","templated":true}]}}