{"id":777,"date":"2020-02-01T14:15:58","date_gmt":"2020-02-01T13:15:58","guid":{"rendered":"http:\/\/stopmines81.org\/?p=777"},"modified":"2020-02-01T14:15:58","modified_gmt":"2020-02-01T13:15:58","slug":"une-mine-a-fontrieu","status":"publish","type":"post","link":"https:\/\/stopmines81.org\/index.php\/2020\/02\/01\/une-mine-a-fontrieu\/","title":{"rendered":"Une mine \u00e0 Fontrieu ?"},"content":{"rendered":"\n<p style=\"font-size:56px\" class=\"has-text-align-center\"><strong>Non Bercy !<\/strong><\/p>\n\n\n\n<figure class=\"wp-block-image size-large\"><img loading=\"lazy\" width=\"1024\" height=\"314\" src=\"http:\/\/stopmines81.org\/wp-content\/uploads\/2020\/02\/380-1024x314.jpg\" alt=\"\" class=\"wp-image-781\" srcset=\"https:\/\/stopmines81.org\/wp-content\/uploads\/2020\/02\/380-1024x314.jpg 1024w, https:\/\/stopmines81.org\/wp-content\/uploads\/2020\/02\/380-300x92.jpg 300w, https:\/\/stopmines81.org\/wp-content\/uploads\/2020\/02\/380-768x235.jpg 768w, https:\/\/stopmines81.org\/wp-content\/uploads\/2020\/02\/380-1536x471.jpg 1536w, https:\/\/stopmines81.org\/wp-content\/uploads\/2020\/02\/380-2048x628.jpg 2048w\" sizes=\"(max-width: 1024px) 100vw, 1024px\" \/><\/figure>\n\n\n\n<p>Alors que le dossier de ce projet de mine est sur le bureau du ministre de l&rsquo;\u00e9conomie et des finances en attente de sa d\u00e9cision, un rassemblement citoyen s&rsquo;est d\u00e9roul\u00e9 ce samedi 1er f\u00e9vrier \u00e0 l&rsquo;appel du collectif Stop Mines 81.<br>Ce sont pr\u00e8s de 200 personnes qui ont brav\u00e9 cette fra\u00eeche et humide matin\u00e9e hivernale pour marquer leur opposition, \u00e0 proximit\u00e9 de l&rsquo;endroit suppos\u00e9 des \u00e9ventuelles installations mini\u00e8res (Stockages de d\u00e9chets miniers et entr\u00e9e de la mine,&#8230;).<\/p>\n\n\n\n<p><br>Plus que jamais restons mobilis\u00e9s.<br>D\u00e9termin\u00e9s, oui !<br>Des terres min\u00e9es, non !<\/p>\n\n\n\n<p><\/p>\n","protected":false},"excerpt":{"rendered":"<p>Non Bercy ! Alors que le dossier de ce projet de mine est sur le bureau du ministre de l&rsquo;\u00e9conomie et des finances en attente de sa d\u00e9cision, un rassemblement citoyen s&rsquo;est d\u00e9roul\u00e9 ce samedi 1er f\u00e9vrier \u00e0 l&rsquo;appel du collectif Stop Mines 81.Ce sont pr\u00e8s de 200 personnes qui ont brav\u00e9 cette fra\u00eeche et [&hellip;]<\/p>\n","protected":false},"author":3,"featured_media":0,"comment_status":"closed","ping_status":"open","sticky":false,"template":"","format":"standard","meta":[],"categories":[1],"tags":[],"_links":{"self":[{"href":"https:\/\/stopmines81.org\/index.php\/wp-json\/wp\/v2\/posts\/777"}],"collection":[{"href":"https:\/\/stopmines81.org\/index.php\/wp-json\/wp\/v2\/posts"}],"about":[{"href":"https:\/\/stopmines81.org\/index.php\/wp-json\/wp\/v2\/types\/post"}],"author":[{"embeddable":true,"href":"https:\/\/stopmines81.org\/index.php\/wp-json\/wp\/v2\/users\/3"}],"replies":[{"embeddable":true,"href":"https:\/\/stopmines81.org\/index.php\/wp-json\/wp\/v2\/comments?post=777"}],"version-history":[{"count":8,"href":"https:\/\/stopmines81.org\/index.php\/wp-json\/wp\/v2\/posts\/777\/revisions"}],"predecessor-version":[{"id":789,"href":"https:\/\/stopmines81.org\/index.php\/wp-json\/wp\/v2\/posts\/777\/revisions\/789"}],"wp:attachment":[{"href":"https:\/\/stopmines81.org\/index.php\/wp-json\/wp\/v2\/media?parent=777"}],"wp:term":[{"taxonomy":"category","embeddable":true,"href":"https:\/\/stopmines81.org\/index.php\/wp-json\/wp\/v2\/categories?post=777"},{"taxonomy":"post_tag","embeddable":true,"href":"https:\/\/stopmines81.org\/index.php\/wp-json\/wp\/v2\/tags?post=777"}],"curies":[{"name":"wp","href":"https:\/\/api.w.org\/{rel}","templated":true}]}}