{"id":1129,"date":"2020-09-30T10:05:07","date_gmt":"2020-09-30T08:05:07","guid":{"rendered":"http:\/\/stopmines81.org\/?p=1129"},"modified":"2020-09-30T10:19:17","modified_gmt":"2020-09-30T08:19:17","slug":"dans-le-tarn-un-village-se-rebelle-contre-une-mine-de-tungstene","status":"publish","type":"post","link":"https:\/\/stopmines81.org\/index.php\/2020\/09\/30\/dans-le-tarn-un-village-se-rebelle-contre-une-mine-de-tungstene\/","title":{"rendered":"On parle de nous dans un m\u00e9dia national !"},"content":{"rendered":"\n<blockquote class=\"wp-block-quote\"><p>Un an et demi apr\u00e8s l\u2019annonce d\u2019un projet minier d\u2019extraction de tungst\u00e8ne en apparence idyllique, les \u00e9lus de Fontrieu, dans le Tarn, ont s\u00e9rieusement d\u00e9chant\u00e9. Depuis la pr\u00e9sentation d\u2019une \u00e9tude ind\u00e9pendante d\u00e9voilant de probables pollutions sur l\u2019eau et l\u2019environnement, la commune, qui avait command\u00e9 cette expertise, est devenue une opposante au projet.<\/p><cite><a href=\"https:\/\/reporterre.net\/Dans-le-Tarn-un-village-se-rebelle-contre-une-mine-de-tungstene\" target=\"_blank\" rel=\"noreferrer noopener\">https:\/\/reporterre.net\/REP-Fontrieu-veut-enterrer-le-projet-de-mine-de-tungstene-Dans-le-Tarn<\/a><\/cite><\/blockquote>\n\n\n\n<figure class=\"wp-block-image size-large\"><img loading=\"lazy\" width=\"735\" height=\"1024\" src=\"http:\/\/stopmines81.org\/wp-content\/uploads\/CARICATURES\/300rebelles-735x1024.png\" alt=\"\" class=\"wp-image-748\" srcset=\"https:\/\/stopmines81.org\/wp-content\/uploads\/CARICATURES\/300rebelles-735x1024.png 735w, https:\/\/stopmines81.org\/wp-content\/uploads\/CARICATURES\/300rebelles-215x300.png 215w, https:\/\/stopmines81.org\/wp-content\/uploads\/CARICATURES\/300rebelles-768x1070.png 768w, https:\/\/stopmines81.org\/wp-content\/uploads\/CARICATURES\/300rebelles-1103x1536.png 1103w, https:\/\/stopmines81.org\/wp-content\/uploads\/CARICATURES\/300rebelles.png 1120w\" sizes=\"(max-width: 735px) 100vw, 735px\" \/><\/figure>\n","protected":false},"excerpt":{"rendered":"<p>Un an et demi apr\u00e8s l\u2019annonce d\u2019un projet minier d\u2019extraction de tungst\u00e8ne en apparence idyllique, les \u00e9lus de Fontrieu, dans le Tarn, ont s\u00e9rieusement d\u00e9chant\u00e9. Depuis la pr\u00e9sentation d\u2019une \u00e9tude ind\u00e9pendante d\u00e9voilant de probables pollutions sur l\u2019eau et l\u2019environnement, la commune, qui avait command\u00e9 cette expertise, est devenue une opposante au projet. https:\/\/reporterre.net\/REP-Fontrieu-veut-enterrer-le-projet-de-mine-de-tungstene-Dans-le-Tarn<\/p>\n","protected":false},"author":3,"featured_media":0,"comment_status":"closed","ping_status":"open","sticky":false,"template":"","format":"standard","meta":[],"categories":[1],"tags":[],"_links":{"self":[{"href":"https:\/\/stopmines81.org\/index.php\/wp-json\/wp\/v2\/posts\/1129"}],"collection":[{"href":"https:\/\/stopmines81.org\/index.php\/wp-json\/wp\/v2\/posts"}],"about":[{"href":"https:\/\/stopmines81.org\/index.php\/wp-json\/wp\/v2\/types\/post"}],"author":[{"embeddable":true,"href":"https:\/\/stopmines81.org\/index.php\/wp-json\/wp\/v2\/users\/3"}],"replies":[{"embeddable":true,"href":"https:\/\/stopmines81.org\/index.php\/wp-json\/wp\/v2\/comments?post=1129"}],"version-history":[{"count":6,"href":"https:\/\/stopmines81.org\/index.php\/wp-json\/wp\/v2\/posts\/1129\/revisions"}],"predecessor-version":[{"id":1136,"href":"https:\/\/stopmines81.org\/index.php\/wp-json\/wp\/v2\/posts\/1129\/revisions\/1136"}],"wp:attachment":[{"href":"https:\/\/stopmines81.org\/index.php\/wp-json\/wp\/v2\/media?parent=1129"}],"wp:term":[{"taxonomy":"category","embeddable":true,"href":"https:\/\/stopmines81.org\/index.php\/wp-json\/wp\/v2\/categories?post=1129"},{"taxonomy":"post_tag","embeddable":true,"href":"https:\/\/stopmines81.org\/index.php\/wp-json\/wp\/v2\/tags?post=1129"}],"curies":[{"name":"wp","href":"https:\/\/api.w.org\/{rel}","templated":true}]}}